{"id":2384,"date":"2023-11-07T14:23:20","date_gmt":"2023-11-07T13:23:20","guid":{"rendered":"https:\/\/andreas-waschburger.de\/?p=2384"},"modified":"2023-11-26T14:24:41","modified_gmt":"2023-11-26T13:24:41","slug":"weltrekord-offiziell-bestatigt","status":"publish","type":"post","link":"https:\/\/andreas-waschburger.de\/index.php\/2023\/11\/07\/weltrekord-offiziell-bestatigt\/","title":{"rendered":"Weltrekord offiziell best\u00e4tigt"},"content":{"rendered":"\n<p>Andreas Waschburger hat nun die offizielle Best\u00e4tigung seines Weltrekords im \u00c4rmelrekord erhalten. Die Zeit und die Voraussetzungen zur Durchquerung des \u00c4rmelkanals wurden Ende Oktober durch ein Komitee ratifiziert und best\u00e4tigt. \u201eWaschi\u201c schwamm am 8. September im 18,3 Grad kalten Atlantik in 6:45:25 Stunden von Dover nach Calais. Damit unterbot er den Weltrekord des Australiers Trent Grimsey aus dem Jahre 2012 um fast 10 Minuten. Die Weltrekordjagd von Waschburger wird am Donnerstag, den 9. November um 20:15 Uhr im Saarl\u00e4ndischen Rundfunk in einer TV-Dokumentation gezeigt.<\/p>\n\n\n\n<p><a href=\"https:\/\/youtu.be\/3S-zyS7Whzk?si=RM-39M6nYE5ZhFBg\" target=\"_blank\" rel=\"noreferrer noopener\">Zur TV-Dokumentation geht es hier lang.<\/a><\/p>\n\n\n\n<figure class=\"wp-block-embed is-type-video is-provider-youtube wp-block-embed-youtube wp-embed-aspect-16-9 wp-has-aspect-ratio\"><div class=\"wp-block-embed__wrapper\">\n<div class='avia-iframe-wrap'><iframe loading=\"lazy\" title=\"In Weltrekordzeit durch den \u00c4rmelkanal: Freiwasserschwimmer Andreas Waschburger wagt den Versuch\" width=\"1500\" height=\"844\" src=\"https:\/\/www.youtube.com\/embed\/3S-zyS7Whzk?feature=oembed\" frameborder=\"0\" allow=\"accelerometer; autoplay; clipboard-write; encrypted-media; gyroscope; picture-in-picture; web-share\" allowfullscreen><\/iframe><\/div>\n<\/div><\/figure>\n","protected":false},"excerpt":{"rendered":"<p>Andreas Waschburger hat nun die offizielle Best\u00e4tigung seines Weltrekords im \u00c4rmelrekord erhalten. Die Zeit und die Voraussetzungen zur Durchquerung des \u00c4rmelkanals wurden Ende Oktober durch ein Komitee ratifiziert und best\u00e4tigt. \u201eWaschi\u201c schwamm am 8. September im 18,3 Grad kalten Atlantik in 6:45:25 Stunden von Dover nach Calais. Damit unterbot er den Weltrekord des Australiers Trent [&hellip;]<\/p>\n","protected":false},"author":2,"featured_media":2386,"comment_status":"closed","ping_status":"closed","sticky":false,"template":"","format":"standard","meta":{"footnotes":""},"categories":[1],"tags":[],"class_list":["post-2384","post","type-post","status-publish","format-standard","has-post-thumbnail","hentry","category-allgemein"],"_links":{"self":[{"href":"https:\/\/andreas-waschburger.de\/index.php\/wp-json\/wp\/v2\/posts\/2384","targetHints":{"allow":["GET"]}}],"collection":[{"href":"https:\/\/andreas-waschburger.de\/index.php\/wp-json\/wp\/v2\/posts"}],"about":[{"href":"https:\/\/andreas-waschburger.de\/index.php\/wp-json\/wp\/v2\/types\/post"}],"author":[{"embeddable":true,"href":"https:\/\/andreas-waschburger.de\/index.php\/wp-json\/wp\/v2\/users\/2"}],"replies":[{"embeddable":true,"href":"https:\/\/andreas-waschburger.de\/index.php\/wp-json\/wp\/v2\/comments?post=2384"}],"version-history":[{"count":4,"href":"https:\/\/andreas-waschburger.de\/index.php\/wp-json\/wp\/v2\/posts\/2384\/revisions"}],"predecessor-version":[{"id":2443,"href":"https:\/\/andreas-waschburger.de\/index.php\/wp-json\/wp\/v2\/posts\/2384\/revisions\/2443"}],"wp:featuredmedia":[{"embeddable":true,"href":"https:\/\/andreas-waschburger.de\/index.php\/wp-json\/wp\/v2\/media\/2386"}],"wp:attachment":[{"href":"https:\/\/andreas-waschburger.de\/index.php\/wp-json\/wp\/v2\/media?parent=2384"}],"wp:term":[{"taxonomy":"category","embeddable":true,"href":"https:\/\/andreas-waschburger.de\/index.php\/wp-json\/wp\/v2\/categories?post=2384"},{"taxonomy":"post_tag","embeddable":true,"href":"https:\/\/andreas-waschburger.de\/index.php\/wp-json\/wp\/v2\/tags?post=2384"}],"curies":[{"name":"wp","href":"https:\/\/api.w.org\/{rel}","templated":true}]}}